    {"id":17717,"date":"2020-04-24T12:45:05","date_gmt":"2020-04-24T10:45:05","guid":{"rendered":"https:\/\/vacances-seasonova.com\/fr\/?page_id=17717"},"modified":"2025-08-29T10:13:45","modified_gmt":"2025-08-29T08:13:45","slug":"vacances-a-velo","status":"publish","type":"post","link":"https:\/\/vacances-seasonova.com\/fr\/vacances-a-velo\/","title":{"rendered":"Vacances \u00e0 v\u00e9lo"},"content":{"rendered":"<p><\/p>\n<p style=\"text-align: justify;\">Composante essentielle de la <strong>Slow Life<\/strong>, la randonn\u00e9e \u00e0 v\u00e9lo est une exp\u00e9rience \u00e0 vivre en solo, en famille ou entre amis. C\u2019est l\u2019occasion de <strong>d\u00e9couvrir les magnifiques paysages de nos r\u00e9gions<\/strong>. Que ce soit pour une escapade ou un voyage au long court, le cyclotourisme permet de s\u2019attribuer le temps, de s\u2019arr\u00eater en chemin pour chaparder et d\u00e9guster une pomme d\u2019un verger Normand, de se laisser aller aux r\u00e9cits d\u2019un villageois qui finira par vous guider vers la destination recherch\u00e9e.<\/p>\n<div style=\"text-align: justify;\">\n<p>Randonn\u00e9e v\u00e9lo cyclotourisme ou balade bucolique\u2026<\/p>\n<\/div>\n<div style=\"text-align: justify;\">Partir en vacances \u00e0 v\u00e9lo, c\u2019est vivre autrement en voyageant l\u00e9ger, sans contraintes mat\u00e9rielles. C\u2019est b\u00e2tir son itin\u00e9raire en choisissant les \u00e9tapes en fonction des envies de chacun ou se laisser guider au gr\u00e8s de ses mollets\u2026<\/div>\n<p>&nbsp;<\/p>\n<h2><strong>Id\u00e9es, et itin\u00e9raires randonn\u00e9e v\u00e9lo<br \/>\n<\/strong><\/h2>\n<div class=\"col-lg-4 col-md-4 col-sm-4\">\n<p><img loading=\"lazy\" class=\"wp-image-18426 size-medium\" src=\"https:\/\/vacances-seasonova.com\/wp-content\/uploads\/2020\/05\/rando-velo-300x201.jpg\" alt=\"Randonn\u00e9e Loire \u00e0 v\u00e9lo\" width=\"300\" height=\"201\" srcset=\"https:\/\/vacances-seasonova.com\/wp-content\/uploads\/2020\/05\/rando-velo-300x201.jpg 300w, https:\/\/vacances-seasonova.com\/wp-content\/uploads\/2020\/05\/rando-velo-670x450.jpg 670w, https:\/\/vacances-seasonova.com\/wp-content\/uploads\/2020\/05\/rando-velo-600x403.jpg 600w, https:\/\/vacances-seasonova.com\/wp-content\/uploads\/2020\/05\/rando-velo.jpg 700w\" sizes=\"(max-width: 300px) 100vw, 300px\" \/><\/p>\n<p><img loading=\"lazy\" class=\"alignnone wp-image-18432 size-full\" src=\"https:\/\/vacances-seasonova.com\/wp-content\/uploads\/2020\/05\/map-velo-francette-e1589987542359.jpg\" alt=\"\" width=\"766\" height=\"1070\" srcset=\"https:\/\/vacances-seasonova.com\/wp-content\/uploads\/2020\/05\/map-velo-francette-e1589987542359.jpg 766w, https:\/\/vacances-seasonova.com\/wp-content\/uploads\/2020\/05\/map-velo-francette-e1589987542359-215x300.jpg 215w, https:\/\/vacances-seasonova.com\/wp-content\/uploads\/2020\/05\/map-velo-francette-e1589987542359-322x450.jpg 322w, https:\/\/vacances-seasonova.com\/wp-content\/uploads\/2020\/05\/map-velo-francette-e1589987542359-600x838.jpg 600w\" sizes=\"(max-width: 766px) 100vw, 766px\" \/><\/p>\n<p><img loading=\"lazy\" class=\"wp-image-18427 size-medium\" src=\"https:\/\/vacances-seasonova.com\/wp-content\/uploads\/2020\/05\/velo-ile-de-re-300x200.jpg\" alt=\"Balade \u00e0 v\u00e9lo sur l'\u00eele de r\u00e9\" width=\"300\" height=\"200\" srcset=\"https:\/\/vacances-seasonova.com\/wp-content\/uploads\/2020\/05\/velo-ile-de-re-300x200.jpg 300w, https:\/\/vacances-seasonova.com\/wp-content\/uploads\/2020\/05\/velo-ile-de-re-768x512.jpg 768w, https:\/\/vacances-seasonova.com\/wp-content\/uploads\/2020\/05\/velo-ile-de-re-675x450.jpg 675w, https:\/\/vacances-seasonova.com\/wp-content\/uploads\/2020\/05\/velo-ile-de-re-600x400.jpg 600w, https:\/\/vacances-seasonova.com\/wp-content\/uploads\/2020\/05\/velo-ile-de-re.jpg 1200w\" sizes=\"(max-width: 300px) 100vw, 300px\" \/><\/p>\n<\/div>\n<div class=\"col-lg-8 col-md-8 col-sm-8\">\n<h3><strong>La Loire \u00e0 v\u00e9lo<\/strong><\/h3>\n<p>C\u00e9l\u00e8bre itin\u00e9raire cyclo-touristique de 900 km de long partant de Cuffy pr\u00e8s de Nevers \u00e0 Saint-Br\u00e9vin-les-Pins en Loire Atlantique. Id\u00e9al pour p\u00e9daler en famille et d\u00e9couvrir les merveilles de la Loire, ch\u00e2teaux class\u00e9s, sites naturels, faunes et flores\u2026 Vous pourrez faire \u00e9tape au <a href=\"https:\/\/vacances-seasonova.com\/fr\/camping\/les-plages-de-loire\/\">Camping Seasonova de Rochefort sur Loire<\/a><\/p>\n<h3><strong>La v\u00e9lo Francette<\/strong><\/h3>\n<p>Itin\u00e9raire randonn\u00e9e v\u00e9lo de 600 km reliant la Normandie \u00e0 l\u2019Atlantique. Au d\u00e9part de Ouistreham et de ses plages du d\u00e9barquement, jusqu\u2019\u00e0 La Rochelle, vous traverserez la Normandie, les Pays de Loire et le Poitou Charente en d\u00e9couvrant les saveurs d\u2019une douce France. Vous pourrez s\u00e9journer au <a href=\"https:\/\/vacances-seasonova.com\/fr\/camping\/riva-bella\/\"><strong>Camping Seasonova du Riva Bella<\/strong><\/a> \u00e0 Ouistreham ainsi qu\u2019au <strong>Camping Seasonova des Plages de Loire<\/strong> \u00e0 Rochefort-sur-Loire.<\/p>\n<h3><strong>La V\u00e9lodyss\u00e9 et L\u2019Ile de R\u00e9<\/strong><\/h3>\n<p>Longeant la c\u00f4te Atlantique, c\u2019est l\u2019itin\u00e9raire id\u00e9al pour vos vacances en v\u00e9lo en famille, l\u2019Ile de R\u00e9 propose un vaste r\u00e9seau de pistes cyclables s\u00e9curis\u00e9 et parfaitement plat. Le tour de l\u2019Ile de R\u00e9 \u00e0 v\u00e9lo est un incontournable pour admirer les paysages qui se succ\u00e8dent et les villages typiques\u2026 Vous pourrez s\u00e9journer au Nord de l\u2019\u00eele, endroit le plus calme et le plus authentique au <a href=\"https:\/\/vacances-seasonova.com\/fr\/camping\/ile-de-re\/\"><strong>Camping Seasonova des Portes en R\u00e9<\/strong><\/a><\/p>\n<h3><strong>L\u2019Eurov\u00e9lo 4<\/strong><\/h3>\n<p>Il permet de traverser l\u2019Europe d\u2019Est en Ouest en visitant 7 pays sur 5 100 km de circuit v\u00e9lo. C\u2019est l\u2019occasion de visiter la Somme en roue libre, la c\u00f4te Normande \u00e0 v\u00e9lo et ses inoubliables plages du d\u00e9barquement, le tour de Manche en passant par le Mont-Saint-Michel. Vous pourrez faire \u00e9tape en Haute Normandie \u00e0 Veules-les-Roses au <a href=\"https:\/\/vacances-seasonova.com\/fr\/camping\/les-mouettes\/\"><strong>Camping Seasonova Les Mouettes <\/strong><\/a>ainsi qu\u2019\u00e0 Saint-Valery-en-Caux au <strong><a href=\"https:\/\/vacances-seasonova.com\/fr\/camping\/etennemare\/\">Camping Seasonova d\u2019Etennemare<\/a>. <\/strong>En continuant vers l\u2019Ouest, vous pourrez s\u00e9journer en Basse Normandie au <a href=\"https:\/\/vacances-seasonova.com\/fr\/camping\/le-point-du-jour\/\"><strong>Camping Seasonova du Point du Jour <\/strong><\/a>\u00e0 Merville-Franceville-Plage et au <strong>Camping Seasonova <a href=\"https:\/\/vacances-seasonova.com\/fr\/camping\/riva-bella\/\">Riva Bella<\/a><\/strong> de Ouistreham. Plus loin, toujours vers l\u2019ouest, vous pourrez s\u00e9journer en Bretagne \u00e0\u00a0 Tr\u00e9levern pr\u00e8s de Perros-Guirrec au <a href=\"https:\/\/vacances-seasonova.com\/fr\/camping\/les-7-iles\/\"><strong>Camping Seasonova des 7 Iles.<\/strong><\/a><\/p>\n<\/div>\n<p>&nbsp;<\/p>\n<h2><strong>Nos conseils pour partir en vacances en v\u00e9lo en famille<\/strong><\/h2>\n<ul>\n<li>Pour une premi\u00e8re exp\u00e9rience, adaptez vos itin\u00e9raires au rythme des enfants et choisissez des \u00e9tapes ou vous pourrez allier confort et amusement des enfants. 20 \u00e0 30 km par jour permettrons de ne pas \u00e9puiser la famille et de prendre le temps pour d\u00e9couvrir les r\u00e9gions, s\u2019amuser et se d\u00e9tendre.<\/li>\n<li>Pr\u00e9voir des v\u00e9los et accessoires adapt\u00e9, en bon \u00e9tat et v\u00e9rifi\u00e9s ( frein, gonflage des pneu\u2026) avant votre d\u00e9part pour \u00e9viter les mauvaises surprises durant l\u2019effort. Vous pourrez louer le mat\u00e9riel adapt\u00e9 dans l\u2019ensemble des <u>campings Seasonova<\/u> mais il convient d\u2019emporter un kit de premi\u00e8re r\u00e9paration.<\/li>\n<li>Privil\u00e9giez les pistes cyclables. Casque obligatoire pour les enfants de moins de 12 ans. Pr\u00e9voir de l\u2019eau, encas et protection solaire si n\u00e9cessaire. Plus de s\u00e9curit\u00e9 = plus de libert\u00e9 en famille.<\/li>\n<li>Contactez votre h\u00e9bergeur du soir en cas d\u2019arriv\u00e9e tardive.<\/li>\n<\/ul>\n<h2><strong>Pourquoi faire \u00e9tape ou partir des <u>Campings Seasonova<\/u> pour vos randonn\u00e9es \u00e0 v\u00e9lo ?<\/strong><\/h2>\n<ul>\n<li><strong>Parce que je fais de l\u2019itin\u00e9rance \u00e0 v\u00e9lo pour la premi\u00e8re<\/strong> <strong>fois<\/strong> et c\u2019est l\u2019assurance de trouver une \u00e9quipe \u00e0 mon \u00e9coute pour me conseiller sur les itin\u00e9raires randonn\u00e9es, m\u2019aider \u00e0 r\u00e9parer mon mat\u00e9riel et avoir \u00e0 disposition tout ce dont j\u2019ai besoin pour vivre une \u00e9tape sans contraintes.<\/li>\n<li><strong>Parce que je n\u2019ai pas de v\u00e9lo, <\/strong>et que j\u2019ai l\u2019assurance de pouvoir <u>louer du mat\u00e9riel<\/u> de qualit\u00e9, v\u00e9rifi\u00e9 et adapt\u00e9 \u00e0 ma famille.<\/li>\n<li><strong>Parce qu\u2019avec des enfants, <\/strong>en itin\u00e9rance ou en boucle au d\u00e9part de mon camping Seasonova, c\u2019est la garantie de disposer de services et d\u2019\u00e9quipements pour qu\u2019ils se reposent, s\u2019amusent et s\u2019\u00e9merveillent\u2026 il n\u2019y a pas que le v\u00e9lo dans la vie !<\/li>\n<li><strong>Parce que je voyage avec un petit budget, <\/strong>les Campings Seasonova me proposent des solutions d\u2019h\u00e9bergement randonneur \u00e0 petit prix. Exp\u00e9rience insolite garantie !<\/li>\n<li><strong>Parce que je veux la libert\u00e9 et la s\u00e9curit\u00e9<\/strong>, les campings Seasonova sont situ\u00e9s \u00e0 proximit\u00e9 imm\u00e9diate des v\u00e9lo-routes voies vertes et pistes cyclables. S\u00e9curit\u00e9 garantie pour vos randonn\u00e9es v\u00e9lo avec enfants\u2026<\/li>\n<\/ul>\n<p>Certains campings Seasonova sont <u>lab\u00e9llis\u00e9s Accueil V\u00e9lo<\/u> et proposent avec passion les services sp\u00e9cifiques tels qu\u2019un abri s\u00e9curis\u00e9, pr\u00eat de mat\u00e9riel de r\u00e9paration et d\u2019entretien des v\u00e9los, portage de bagage, petit d\u00e9jeuner\u2026<\/p>\n<h2><strong>Retour d\u2019exp\u00e9rience<\/strong><\/h2>\n<div class=\"col-lg-4 col-md-4 col-sm-4\">\n<p><img loading=\"lazy\" class=\"size-medium wp-image-18430\" src=\"https:\/\/vacances-seasonova.com\/wp-content\/uploads\/2020\/05\/vacances-a-velo-ile-de-re-300x166.jpg\" alt=\"rando v\u00e9lo Ile de R\u00e9\" width=\"300\" height=\"166\" srcset=\"https:\/\/vacances-seasonova.com\/wp-content\/uploads\/2020\/05\/vacances-a-velo-ile-de-re-300x166.jpg 300w, https:\/\/vacances-seasonova.com\/wp-content\/uploads\/2020\/05\/vacances-a-velo-ile-de-re-768x426.jpg 768w, https:\/\/vacances-seasonova.com\/wp-content\/uploads\/2020\/05\/vacances-a-velo-ile-de-re-812x450.jpg 812w, https:\/\/vacances-seasonova.com\/wp-content\/uploads\/2020\/05\/vacances-a-velo-ile-de-re-600x333.jpg 600w, https:\/\/vacances-seasonova.com\/wp-content\/uploads\/2020\/05\/vacances-a-velo-ile-de-re.jpg 1600w\" sizes=\"(max-width: 300px) 100vw, 300px\" \/><\/p>\n<p><img loading=\"lazy\" class=\"alignnone wp-image-18437 size-medium\" src=\"https:\/\/vacances-seasonova.com\/wp-content\/uploads\/2020\/05\/velo-couple-digue1-300x199.jpg\" alt=\"\" width=\"300\" height=\"199\" srcset=\"https:\/\/vacances-seasonova.com\/wp-content\/uploads\/2020\/05\/velo-couple-digue1-300x199.jpg 300w, https:\/\/vacances-seasonova.com\/wp-content\/uploads\/2020\/05\/velo-couple-digue1-768x510.jpg 768w, https:\/\/vacances-seasonova.com\/wp-content\/uploads\/2020\/05\/velo-couple-digue1-677x450.jpg 677w, https:\/\/vacances-seasonova.com\/wp-content\/uploads\/2020\/05\/velo-couple-digue1-600x399.jpg 600w, https:\/\/vacances-seasonova.com\/wp-content\/uploads\/2020\/05\/velo-couple-digue1.jpg 1600w\" sizes=\"(max-width: 300px) 100vw, 300px\" \/><\/p>\n<p><img loading=\"lazy\" class=\"alignnone wp-image-23926\" src=\"https:\/\/vacances-seasonova.com\/wp-content\/uploads\/2021\/09\/32a3ddf2-1625-4559-a5a0-8776dfd13a2b-1-scaled.jpg\" alt=\"\" width=\"300\" height=\"199\" \/><\/p>\n<\/div>\n<div class=\"col-lg-8 col-md-8 col-sm-8\">\n<h4><strong>Chlo\u00e9 et Damien<\/strong><\/h4>\n<p>\u00ab\u00a0Nous habitons au centre de la Rochelle, il nous arrive r\u00e9guli\u00e8rement de s\u2019offrir une escapade d\u2019un week end sur l\u2019Ile de R\u00e9. Sorti du bureau le vendredi soir, nous sautons sur nos v\u00e9los, direction le pont de R\u00e9\u2026 C\u2019est gratuit pour les cyclistes\u00a0! et p\u00e9dalons sur ces quelques 30 km de pistes cyclables de Rivedoux jusqu\u2019\u00e0 l\u2019extr\u00e9mit\u00e9 sauvage et branch\u00e9e de l\u2019Ile aux Portes en r\u00e9\u2026 Ici nous attend une nuit romantique et insolite en <a href=\"https:\/\/vacances-seasonova.com\/fr\/location\/bungalodges-kenya\/\"><u><strong>Lodge Kenya<\/strong><\/u><\/a> \u2026 Ressourcement garantie avec petit d\u00e9jeuner bio et <a href=\"https:\/\/vacances-seasonova.com\/fr\/vacances-en-camping-seasonova\/lexperience-seasonova\/detente-et-yoga\/\"><u>s\u00e9ance de yoga<\/u><\/a> sur la plage\u2026 \u00a0Merci le <u>Camping Seasonova<\/u>!<\/p>\n<h4><strong>Denis et Marie<\/strong><\/h4>\n<p>\u00ab\u00a0Cyclotouristes retrait\u00e9s et habitu\u00e9s des grandes randonn\u00e9es, nous avons rejoint au printemps dernier Dunkerque au Mont Saint Michel en longeant la c\u00f4te. Nous avons fait \u00e9tape \u00e0 Veules les Roses au <a href=\"https:\/\/vacances-seasonova.com\/fr\/camping\/les-mouettes\/\"><u>Camping Seasonova des Mouettes<\/u><\/a>. <u>Aldo et Sandra<\/u> sont des passionn\u00e9s qui nous on fait d\u00e9couvrir ce magnifique village class\u00e9 \u00ab\u00a0plus beau village de France\u00a0\u00bb. Nous avons eu le plaisir de gouter les huitres de Veules qui sont un vrai r\u00e9gal.<\/p>\n<p>&nbsp;<\/p>\n<h4><strong>Julien, Marina, Manon et le petit Rom\u00e9o<\/strong><\/h4>\n<p>\u00ab\u00a0Premi\u00e8re exp\u00e9rience itin\u00e9rante en famille, nous avons pass\u00e9 un excellent <u>s\u00e9jour en Normandie<\/u> gr\u00e2ce au Camping Seasonova qui nous avait tout organis\u00e9\u00a0: location de v\u00e9lo et remorques pour les enfants, itin\u00e9raires personnalis\u00e9, visites des plages du d\u00e9barquement\u2026 et le must ! les animaux de la <a href=\"https:\/\/vacances-seasonova.com\/fr\/vacances-en-camping-seasonova\/lexperience-seasonova\/mini-ferme\/\"><u>mini ferme du camping<\/u><\/a> pour \u00e9merveiller les enfants pendant que les parents savourent cette pause d\u00e9tente sur la <a href=\"https:\/\/vacances-seasonova.com\/fr\/location\/cottages-prestige-2\/\"><u>terrasse du Cottage\u2026<\/u><\/a> Nous reviendrons\u00a0\u00bb<\/p>\n<\/div>\n<p>&nbsp;<\/p>\n<h2><strong>Nos locations de v\u00e9lo<\/strong><\/h2>\n\n\t\t<style type=\"text\/css\">\n\t\t\t#gallery-1 {\n\t\t\t\tmargin: auto;\n\t\t\t}\n\t\t\t#gallery-1 .gallery-item {\n\t\t\t\tfloat: left;\n\t\t\t\tmargin-top: 10px;\n\t\t\t\ttext-align: center;\n\t\t\t\twidth: 33%;\n\t\t\t}\n\t\t\t#gallery-1 img {\n\t\t\t\tborder: 2px solid #cfcfcf;\n\t\t\t}\n\t\t\t#gallery-1 .gallery-caption {\n\t\t\t\tmargin-left: 0;\n\t\t\t}\n\t\t\t\/* see gallery_shortcode() in wp-includes\/media.php *\/\n\t\t<\/style>\n\t\t<div id='gallery-1' class='gallery galleryid-17717 gallery-columns-3 gallery-size-thumbnail'><dl class='gallery-item'>\n\t\t\t<dt class='gallery-icon landscape'>\n\t\t\t\t<img width=\"150\" height=\"150\" src=\"https:\/\/vacances-seasonova.com\/wp-content\/uploads\/2020\/05\/balade-velo-normandie-150x150.jpg\" class=\"attachment-thumbnail size-thumbnail\" alt=\"location de v\u00e9lo au camping Seasonova\" loading=\"lazy\" aria-describedby=\"gallery-1-18012\" srcset=\"https:\/\/vacances-seasonova.com\/wp-content\/uploads\/2020\/05\/balade-velo-normandie-150x150.jpg 150w, https:\/\/vacances-seasonova.com\/wp-content\/uploads\/2020\/05\/balade-velo-normandie-300x300.jpg 300w\" sizes=\"(max-width: 150px) 100vw, 150px\" \/>\n\t\t\t<\/dt>\n\t\t\t\t<dd class='wp-caption-text gallery-caption' id='gallery-1-18012'>\n\t\t\t\tVTT\n\t\t\t\t<\/dd><\/dl><dl class='gallery-item'>\n\t\t\t<dt class='gallery-icon landscape'>\n\t\t\t\t<img width=\"150\" height=\"150\" src=\"https:\/\/vacances-seasonova.com\/wp-content\/uploads\/2019\/10\/velo-les-portes-d-alsace-_1-150x150.jpg\" class=\"attachment-thumbnail size-thumbnail\" alt=\"V\u00e9los en location\" loading=\"lazy\" aria-describedby=\"gallery-1-12755\" srcset=\"https:\/\/vacances-seasonova.com\/wp-content\/uploads\/2019\/10\/velo-les-portes-d-alsace-_1-150x150.jpg 150w, https:\/\/vacances-seasonova.com\/wp-content\/uploads\/2019\/10\/velo-les-portes-d-alsace-_1-300x300.jpg 300w\" sizes=\"(max-width: 150px) 100vw, 150px\" \/>\n\t\t\t<\/dt>\n\t\t\t\t<dd class='wp-caption-text gallery-caption' id='gallery-1-12755'>\n\t\t\t\tV\u00e9los \u00e9lectriques\n\t\t\t\t<\/dd><\/dl><dl class='gallery-item'>\n\t\t\t<dt class='gallery-icon landscape'>\n\t\t\t\t<img width=\"150\" height=\"150\" src=\"https:\/\/vacances-seasonova.com\/wp-content\/uploads\/2020\/04\/adobestock_256974263-150x150.jpeg\" class=\"attachment-thumbnail size-thumbnail\" alt=\"v\u00e9lo Ile de R\u00e9\" loading=\"lazy\" aria-describedby=\"gallery-1-17417\" srcset=\"https:\/\/vacances-seasonova.com\/wp-content\/uploads\/2020\/04\/adobestock_256974263-150x150.jpeg 150w, https:\/\/vacances-seasonova.com\/wp-content\/uploads\/2020\/04\/adobestock_256974263-300x300.jpeg 300w\" sizes=\"(max-width: 150px) 100vw, 150px\" \/>\n\t\t\t<\/dt>\n\t\t\t\t<dd class='wp-caption-text gallery-caption' id='gallery-1-17417'>\n\t\t\t\tBeach Cruiser\n\t\t\t\t<\/dd><\/dl><br style=\"clear: both\" \/>\n\t\t<\/div>\n\n<p><strong>Nos locations incluent<\/strong><\/p>\n<p>Casques, antivol, kit de r\u00e9paration, carte et itin\u00e9raires sur demande<\/p>","protected":false},"excerpt":{"rendered":"<p>Composante essentielle de la Slow Life, la randonn\u00e9e \u00e0 v\u00e9lo est une exp\u00e9rience \u00e0 vivre en solo, en famille ou entre amis. C\u2019est l\u2019occasion de d\u00e9couvrir les magnifiques paysages de nos r\u00e9gions. Que ce soit pour [&#8230;]<\/p>\n","protected":false},"author":2,"featured_media":17720,"comment_status":"closed","ping_status":"closed","sticky":false,"template":"","format":"standard","meta":[],"categories":[1],"tags":[],"yoast_head":"<!-- This site is optimized with the Yoast SEO plugin v18.1 - https:\/\/yoast.com\/wordpress\/plugins\/seo\/ -->\n<meta name=\"robots\" content=\"index, follow, max-snippet:-1, max-image-preview:large, max-video-preview:-1\" \/>\n<link rel=\"canonical\" href=\"https:\/\/vacances-seasonova.com\/fr\/?p=17717\" \/>\n<meta property=\"og:locale\" content=\"fr_FR\" \/>\n<meta property=\"og:type\" content=\"article\" \/>\n<meta property=\"og:title\" content=\"Vacances \u00e0 v\u00e9lo - Seasonova | Campings Normandie, Bretagne, Pays de La Loire et Alsace\" \/>\n<meta property=\"og:description\" content=\"Composante essentielle de la Slow Life, la randonn\u00e9e \u00e0 v\u00e9lo est une exp\u00e9rience \u00e0 vivre en solo, en famille ou entre amis. C\u2019est l\u2019occasion de d\u00e9couvrir les magnifiques paysages de nos r\u00e9gions. Que ce soit pour [...]\" \/>\n<meta property=\"og:url\" content=\"https:\/\/vacances-seasonova.com\/fr\/?p=17717\" \/>\n<meta property=\"og:site_name\" content=\"Seasonova | Campings Normandie, Bretagne, Pays de La Loire et Alsace\" \/>\n<meta property=\"article:published_time\" content=\"2020-04-24T10:45:05+00:00\" \/>\n<meta property=\"article:modified_time\" content=\"2025-08-29T08:13:45+00:00\" \/>\n<meta property=\"og:image\" content=\"https:\/\/vacances-seasonova.com\/wp-content\/uploads\/2020\/04\/vacances-famille-velo-e1590500332432-675x450.jpg\" \/>\n\t<meta property=\"og:image:width\" content=\"675\" \/>\n\t<meta property=\"og:image:height\" content=\"450\" \/>\n\t<meta property=\"og:image:type\" content=\"image\/jpeg\" \/>\n<meta name=\"twitter:card\" content=\"summary\" \/>\n<meta name=\"twitter:label1\" content=\"\u00c9crit par\" \/>\n\t<meta name=\"twitter:data1\" content=\"CENTRALE SEASONOVA\" \/>\n\t<meta name=\"twitter:label2\" content=\"Dur\u00e9e de lecture estim\u00e9e\" \/>\n\t<meta name=\"twitter:data2\" content=\"22 minutes\" \/>\n<script type=\"application\/ld+json\" class=\"yoast-schema-graph\">{\"@context\":\"https:\/\/schema.org\",\"@graph\":[{\"@type\":\"WebSite\",\"@id\":\"https:\/\/vacances-seasonova.com\/fr\/#website\",\"url\":\"https:\/\/vacances-seasonova.com\/fr\/\",\"name\":\"Seasonova | Campings Normandie, Bretagne, Pays de La Loire et Alsace\",\"description\":\"\",\"potentialAction\":[{\"@type\":\"SearchAction\",\"target\":{\"@type\":\"EntryPoint\",\"urlTemplate\":\"https:\/\/vacances-seasonova.com\/fr\/?s={search_term_string}\"},\"query-input\":\"required name=search_term_string\"}],\"inLanguage\":\"fr-FR\"},{\"@type\":\"ImageObject\",\"@id\":\"https:\/\/vacances-seasonova.com\/fr\/?p=17717#primaryimage\",\"inLanguage\":\"fr-FR\",\"url\":\"https:\/\/vacances-seasonova.com\/wp-content\/uploads\/2020\/04\/vacances-famille-velo-e1590500332432.jpg\",\"contentUrl\":\"https:\/\/vacances-seasonova.com\/wp-content\/uploads\/2020\/04\/vacances-famille-velo-e1590500332432.jpg\",\"width\":2500,\"height\":1667,\"caption\":\"Vacances \u00e0 v\u00e9lo en famille\"},{\"@type\":\"WebPage\",\"@id\":\"https:\/\/vacances-seasonova.com\/fr\/?p=17717#webpage\",\"url\":\"https:\/\/vacances-seasonova.com\/fr\/?p=17717\",\"name\":\"Vacances \u00e0 v\u00e9lo - Seasonova | Campings Normandie, Bretagne, Pays de La Loire et Alsace\",\"isPartOf\":{\"@id\":\"https:\/\/vacances-seasonova.com\/fr\/#website\"},\"primaryImageOfPage\":{\"@id\":\"https:\/\/vacances-seasonova.com\/fr\/?p=17717#primaryimage\"},\"datePublished\":\"2020-04-24T10:45:05+00:00\",\"dateModified\":\"2025-08-29T08:13:45+00:00\",\"author\":{\"@id\":\"https:\/\/vacances-seasonova.com\/fr\/#\/schema\/person\/ff64ee7cf4fe2a2be1d1ab7ff36e5d25\"},\"breadcrumb\":{\"@id\":\"https:\/\/vacances-seasonova.com\/fr\/?p=17717#breadcrumb\"},\"inLanguage\":\"fr-FR\",\"potentialAction\":[{\"@type\":\"ReadAction\",\"target\":[\"https:\/\/vacances-seasonova.com\/fr\/?p=17717\"]}]},{\"@type\":\"BreadcrumbList\",\"@id\":\"https:\/\/vacances-seasonova.com\/fr\/?p=17717#breadcrumb\",\"itemListElement\":[{\"@type\":\"ListItem\",\"position\":1,\"name\":\"Accueil\",\"item\":\"https:\/\/vacances-seasonova.com\/nl\/\"},{\"@type\":\"ListItem\",\"position\":2,\"name\":\"Vacances \u00e0 v\u00e9lo\"}]},{\"@type\":\"Person\",\"@id\":\"https:\/\/vacances-seasonova.com\/fr\/#\/schema\/person\/ff64ee7cf4fe2a2be1d1ab7ff36e5d25\",\"name\":\"CENTRALE SEASONOVA\",\"image\":{\"@type\":\"ImageObject\",\"@id\":\"https:\/\/vacances-seasonova.com\/fr\/#personlogo\",\"inLanguage\":\"fr-FR\",\"url\":\"https:\/\/secure.gravatar.com\/avatar\/7cf761730f6bc1795fcc5d8402b54f9a?s=96&d=mm&r=g\",\"contentUrl\":\"https:\/\/secure.gravatar.com\/avatar\/7cf761730f6bc1795fcc5d8402b54f9a?s=96&d=mm&r=g\",\"caption\":\"CENTRALE SEASONOVA\"},\"url\":\"https:\/\/vacances-seasonova.com\/fr\/author\/centrale-seasonova\/\"}]}<\/script>\n<!-- \/ Yoast SEO plugin. -->","yoast_head_json":{"robots":{"index":"index","follow":"follow","max-snippet":"max-snippet:-1","max-image-preview":"max-image-preview:large","max-video-preview":"max-video-preview:-1"},"canonical":"https:\/\/vacances-seasonova.com\/fr\/?p=17717","og_locale":"fr_FR","og_type":"article","og_title":"Vacances \u00e0 v\u00e9lo - Seasonova | Campings Normandie, Bretagne, Pays de La Loire et Alsace","og_description":"Composante essentielle de la Slow Life, la randonn\u00e9e \u00e0 v\u00e9lo est une exp\u00e9rience \u00e0 vivre en solo, en famille ou entre amis. C\u2019est l\u2019occasion de d\u00e9couvrir les magnifiques paysages de nos r\u00e9gions. Que ce soit pour [...]","og_url":"https:\/\/vacances-seasonova.com\/fr\/?p=17717","og_site_name":"Seasonova | Campings Normandie, Bretagne, Pays de La Loire et Alsace","article_published_time":"2020-04-24T10:45:05+00:00","article_modified_time":"2025-08-29T08:13:45+00:00","og_image":[{"width":675,"height":450,"url":"https:\/\/vacances-seasonova.com\/wp-content\/uploads\/2020\/04\/vacances-famille-velo-e1590500332432-675x450.jpg","type":"image\/jpeg"}],"twitter_card":"summary","twitter_misc":{"\u00c9crit par":"CENTRALE SEASONOVA","Dur\u00e9e de lecture estim\u00e9e":"22 minutes"},"schema":{"@context":"https:\/\/schema.org","@graph":[{"@type":"WebSite","@id":"https:\/\/vacances-seasonova.com\/fr\/#website","url":"https:\/\/vacances-seasonova.com\/fr\/","name":"Seasonova | Campings Normandie, Bretagne, Pays de La Loire et Alsace","description":"","potentialAction":[{"@type":"SearchAction","target":{"@type":"EntryPoint","urlTemplate":"https:\/\/vacances-seasonova.com\/fr\/?s={search_term_string}"},"query-input":"required name=search_term_string"}],"inLanguage":"fr-FR"},{"@type":"ImageObject","@id":"https:\/\/vacances-seasonova.com\/fr\/?p=17717#primaryimage","inLanguage":"fr-FR","url":"https:\/\/vacances-seasonova.com\/wp-content\/uploads\/2020\/04\/vacances-famille-velo-e1590500332432.jpg","contentUrl":"https:\/\/vacances-seasonova.com\/wp-content\/uploads\/2020\/04\/vacances-famille-velo-e1590500332432.jpg","width":2500,"height":1667,"caption":"Vacances \u00e0 v\u00e9lo en famille"},{"@type":"WebPage","@id":"https:\/\/vacances-seasonova.com\/fr\/?p=17717#webpage","url":"https:\/\/vacances-seasonova.com\/fr\/?p=17717","name":"Vacances \u00e0 v\u00e9lo - Seasonova | Campings Normandie, Bretagne, Pays de La Loire et Alsace","isPartOf":{"@id":"https:\/\/vacances-seasonova.com\/fr\/#website"},"primaryImageOfPage":{"@id":"https:\/\/vacances-seasonova.com\/fr\/?p=17717#primaryimage"},"datePublished":"2020-04-24T10:45:05+00:00","dateModified":"2025-08-29T08:13:45+00:00","author":{"@id":"https:\/\/vacances-seasonova.com\/fr\/#\/schema\/person\/ff64ee7cf4fe2a2be1d1ab7ff36e5d25"},"breadcrumb":{"@id":"https:\/\/vacances-seasonova.com\/fr\/?p=17717#breadcrumb"},"inLanguage":"fr-FR","potentialAction":[{"@type":"ReadAction","target":["https:\/\/vacances-seasonova.com\/fr\/?p=17717"]}]},{"@type":"BreadcrumbList","@id":"https:\/\/vacances-seasonova.com\/fr\/?p=17717#breadcrumb","itemListElement":[{"@type":"ListItem","position":1,"name":"Accueil","item":"https:\/\/vacances-seasonova.com\/nl\/"},{"@type":"ListItem","position":2,"name":"Vacances \u00e0 v\u00e9lo"}]},{"@type":"Person","@id":"https:\/\/vacances-seasonova.com\/fr\/#\/schema\/person\/ff64ee7cf4fe2a2be1d1ab7ff36e5d25","name":"CENTRALE SEASONOVA","image":{"@type":"ImageObject","@id":"https:\/\/vacances-seasonova.com\/fr\/#personlogo","inLanguage":"fr-FR","url":"https:\/\/secure.gravatar.com\/avatar\/7cf761730f6bc1795fcc5d8402b54f9a?s=96&d=mm&r=g","contentUrl":"https:\/\/secure.gravatar.com\/avatar\/7cf761730f6bc1795fcc5d8402b54f9a?s=96&d=mm&r=g","caption":"CENTRALE SEASONOVA"},"url":"https:\/\/vacances-seasonova.com\/fr\/author\/centrale-seasonova\/"}]}},"_links":{"self":[{"href":"https:\/\/vacances-seasonova.com\/fr\/wp-json\/wp\/v2\/posts\/17717"}],"collection":[{"href":"https:\/\/vacances-seasonova.com\/fr\/wp-json\/wp\/v2\/posts"}],"about":[{"href":"https:\/\/vacances-seasonova.com\/fr\/wp-json\/wp\/v2\/types\/post"}],"author":[{"embeddable":true,"href":"https:\/\/vacances-seasonova.com\/fr\/wp-json\/wp\/v2\/users\/2"}],"replies":[{"embeddable":true,"href":"https:\/\/vacances-seasonova.com\/fr\/wp-json\/wp\/v2\/comments?post=17717"}],"version-history":[{"count":4,"href":"https:\/\/vacances-seasonova.com\/fr\/wp-json\/wp\/v2\/posts\/17717\/revisions"}],"predecessor-version":[{"id":51847,"href":"https:\/\/vacances-seasonova.com\/fr\/wp-json\/wp\/v2\/posts\/17717\/revisions\/51847"}],"wp:featuredmedia":[{"embeddable":true,"href":"https:\/\/vacances-seasonova.com\/fr\/wp-json\/wp\/v2\/media\/17720"}],"wp:attachment":[{"href":"https:\/\/vacances-seasonova.com\/fr\/wp-json\/wp\/v2\/media?parent=17717"}],"wp:term":[{"taxonomy":"category","embeddable":true,"href":"https:\/\/vacances-seasonova.com\/fr\/wp-json\/wp\/v2\/categories?post=17717"},{"taxonomy":"post_tag","embeddable":true,"href":"https:\/\/vacances-seasonova.com\/fr\/wp-json\/wp\/v2\/tags?post=17717"}],"curies":[{"name":"wp","href":"https:\/\/api.w.org\/{rel}","templated":true}]}}