    {"id":62923,"date":"2026-08-31T16:57:58","date_gmt":"2026-08-31T14:57:58","guid":{"rendered":"https:\/\/vacances-seasonova.com\/fr\/?p=62923"},"modified":"2026-09-01T17:59:45","modified_gmt":"2026-09-01T15:59:45","slug":"pourquoi-septembre-est-le-meilleur-mois-pour-partir","status":"publish","type":"post","link":"https:\/\/vacances-seasonova.com\/fr\/pourquoi-septembre-est-le-meilleur-mois-pour-partir\/","title":{"rendered":"Pourquoi septembre est le meilleur mois pour partir ?"},"content":{"rendered":"<p><\/p>\n<style>\n  .seasonova-article,\n  .seasonova-article * {\n    box-sizing: border-box;\n  }<\/p>\n<p>  .seasonova-article {\n    position: relative;\n    clear: both;\n    width: min(100% - 32px, 1080px);\n    margin: 0 auto;\n    padding: clamp(36px, 6vw, 80px) 0;\n    color: #252525;\n    font-family: inherit;\n    font-size: 18px;\n    line-height: 1.7;\n  }<\/p>\n<p>  .seasonova-article__intro {\n    margin: 0 0 clamp(48px, 7vw, 80px);\n    font-size: clamp(19px, 2vw, 22px);\n    line-height: 1.65;\n  }<\/p>\n<p>  .seasonova-article__section {\n    margin: 0 0 clamp(44px, 6vw, 72px);\n  }<\/p>\n<p>  .seasonova-article h2,\n  .seasonova-article h3,\n  .seasonova-article p {\n    max-width: 820px;\n    margin-right: auto;\n    margin-left: auto;\n  }<\/p>\n<p>  .seasonova-article h2 {\n    margin-top: 0;\n    margin-bottom: 10px;\n    color: #008f92;\n    font-size: clamp(28px, 4vw, 42px);\n    line-height: 1.15;\n  }<\/p>\n<p>  .seasonova-article h3 {\n    margin-top: 0;\n    margin-bottom: 24px;\n    color: #eea719;\n    font-size: clamp(20px, 2.5vw, 26px);\n    line-height: 1.3;\n  }<\/p>\n<p>  .seasonova-article p {\n    margin-top: 0;\n    margin-bottom: 14px;\n  }<\/p>\n<p>  .seasonova-article__cta {\n    max-width: 820px;\n    min-height: 0;\n    margin: 0 auto;\n    padding: 0;\n    border: 0;\n    border-radius: 0;\n    background: transparent !important;\n    box-shadow: none;\n    color: #008f92;\n    text-align: left;\n  }<\/p>\n<p>  .seasonova-article__cta p {\n    margin: 0 auto;\n    font-size: 18px;\n    line-height: 1.4;\n  }<\/p>\n<p>  @media (max-width: 767px) {\n    .seasonova-article {\n      width: min(100% - 28px, 1080px);\n      padding-top: 32px;\n      font-size: 17px;\n      line-height: 1.65;\n    }<\/p>\n<p>    .seasonova-article__intro {\n      font-size: 18px;\n    }\n  }\n<\/style>\n<article class=\"seasonova-article\">\n<header class=\"seasonova-article__intro\">\n<p>\n      Les enfants reprennent le chemin de l\u2019\u00e9cole et les plages commencent doucement \u00e0 se vider.<br \/>\n      Pour beaucoup, les vacances sont termin\u00e9es.<br \/>\n      Pour d\u2019autres, elles commencent seulement.<br \/>\n      Car septembre poss\u00e8de quelque chose que juillet et ao\u00fbt ont parfois perdu en chemin : de l\u2019espace, du calme et cette \u00e9trange sensation d\u2019avoir une destination presque pour soi.<br \/>\n      Et les vacanciers qui choisissent l\u2019arri\u00e8re-saison sont loin d\u2019\u00eatre anecdotiques. En septembre 2025, les campings de France m\u00e9tropolitaine ont encore enregistr\u00e9 pr\u00e8s de 13,1 millions de nuit\u00e9es selon l\u2019Insee.<br \/>\n      Alors, faut-il vraiment consid\u00e9rer septembre comme la fin des vacances ?\n    <\/p>\n<\/header>\n<section class=\"seasonova-article__section\">\n<h2>Partir quand les autres rentrent<\/h2>\n<h3>Moins de monde, plus de vacances<\/h3>\n<p>Juillet et ao\u00fbt ont \u00e9videmment leurs avantages.<\/p>\n<p>Mais ils ont aussi leurs embouteillages, leurs plages charg\u00e9es, leurs terrasses pleines et leurs lieux touristiques o\u00f9 il faut parfois pr\u00e9voir chaque visite plusieurs jours \u00e0 l\u2019avance.<\/p>\n<p>En septembre, le d\u00e9cor change.<\/p>\n<p>Les campings commencent \u00e0 retrouver davantage de calme, les sites touristiques sont g\u00e9n\u00e9ralement moins fr\u00e9quent\u00e9s et les routes se lib\u00e8rent progressivement du grand chass\u00e9-crois\u00e9 estival.<\/p>\n<p>La F\u00e9d\u00e9ration fran\u00e7aise de camping et de caravaning souligne d\u2019ailleurs plusieurs avantages des s\u00e9jours en septembre : davantage de disponibilit\u00e9 dans les campings, une circulation plus tranquille et une fr\u00e9quentation moins importante qu\u2019en pleine saison.<\/p>\n<p>Partir en septembre, ce n\u2019est donc pas forc\u00e9ment renoncer \u00e0 l\u2019\u00e9t\u00e9.<\/p>\n<p>C\u2019est parfois simplement attendre que la foule s\u2019en aille.<\/p>\n<\/section>\n<section class=\"seasonova-article__section\">\n<h2>L\u2019\u00e9t\u00e9 n\u2019est pas forc\u00e9ment termin\u00e9<\/h2>\n<h3>Une m\u00e9t\u00e9o souvent plus agr\u00e9able pour bouger<\/h3>\n<p>Pendant plusieurs ann\u00e9es, les vacances d\u2019\u00e9t\u00e9 ont presque \u00e9t\u00e9 synonymes de recherche du soleil le plus chaud possible.<\/p>\n<p>Mais 35 \u00b0C \u00e0 l\u2019ombre ne sont pas forc\u00e9ment les meilleures conditions pour partir marcher, visiter une ville ou parcourir une voie verte \u00e0 v\u00e9lo.<\/p>\n<p>En septembre, les temp\u00e9ratures commencent g\u00e9n\u00e9ralement \u00e0 devenir plus douces.<\/p>\n<p>Les matin\u00e9es sont plus fra\u00eeches, les soir\u00e9es arrivent un peu plus t\u00f4t et les grandes chaleurs deviennent moins fr\u00e9quentes.<\/p>\n<p>Pour certaines activit\u00e9s, c\u2019est m\u00eame un avantage.<\/p>\n<p>Une randonn\u00e9e \u00e0 25 \u00b0C n\u2019a pas tout \u00e0 fait la m\u00eame saveur qu\u2019une randonn\u00e9e sous 35 \u00b0C.<\/p>\n<p>M\u00eame chose pour une balade \u00e0 v\u00e9lo, une visite de village ou une journ\u00e9e pass\u00e9e \u00e0 d\u00e9couvrir les environs du camping.<\/p>\n<p>L\u2019arri\u00e8re-saison permet souvent de profiter autrement de la destination.<\/p>\n<\/section>\n<section class=\"seasonova-article__section\">\n<h2>Votre serviette de plage aura enfin un peu d\u2019espace<\/h2>\n<h3>Red\u00e9couvrir les destinations les plus populaires<\/h3>\n<p>Certains endroits ne donnent pas du tout la m\u00eame impression en septembre.<\/p>\n<p>Une plage qui accueillait plusieurs centaines de personnes quelques semaines auparavant retrouve peu \u00e0 peu son calme.<\/p>\n<p>Les chemins c\u00f4tiers deviennent plus agr\u00e9ables.<\/p>\n<p>Les march\u00e9s locaux sont moins difficiles \u00e0 parcourir.<\/p>\n<p>Les petites routes retrouvent leur tranquillit\u00e9.<\/p>\n<p>Et c\u2019est peut-\u00eatre l\u00e0 que septembre devient r\u00e9ellement int\u00e9ressant.<\/p>\n<p>Il n\u2019est pas n\u00e9cessaire de rechercher une destination compl\u00e8tement isol\u00e9e pour trouver du calme.<\/p>\n<p>Parfois, il suffit simplement de visiter un endroit tr\u00e8s connu au bon moment.<\/p>\n<p>Une c\u00f4te normande, une plage bretonne ou un village touristique peuvent offrir une exp\u00e9rience totalement diff\u00e9rente une fois le pic de fr\u00e9quentation pass\u00e9.<\/p>\n<\/section>\n<section class=\"seasonova-article__section\">\n<h2>Des vacances qui peuvent aussi co\u00fbter moins cher<\/h2>\n<h3>L\u2019arri\u00e8re-saison change aussi les tarifs<\/h3>\n<p>Septembre poss\u00e8de un autre avantage : la haute saison touche progressivement \u00e0 sa fin.<\/p>\n<p>Selon les destinations et les \u00e9tablissements, cela peut signifier des tarifs d\u2019h\u00e9bergement plus int\u00e9ressants qu\u2019en juillet ou en ao\u00fbt.<\/p>\n<p>La FFCC cite d\u2019ailleurs les prix plus abordables parmi les principaux avantages du camping en septembre.<\/p>\n<p>\u00c9videmment, les tarifs varient selon les dates, les campings et les h\u00e9bergements.<\/p>\n<p>Mais lorsque l\u2019on peut choisir ses dates, regarder quelques jours apr\u00e8s la rentr\u00e9e peut parfois r\u00e9server de bonnes surprises.<\/p>\n<p>Et l\u2019\u00e9conomie ne concerne pas seulement le logement.<\/p>\n<p>Moins de d\u00e9placements dans les bouchons, davantage d\u2019activit\u00e9s gratuites dans la nature et des journ\u00e9es o\u00f9 l\u2019on ressent moins le besoin de tout r\u00e9server peuvent \u00e9galement changer la mani\u00e8re dont on d\u00e9pense pendant ses vacances.<\/p>\n<\/section>\n<section class=\"seasonova-article__section\">\n<h2>Partir moins longtemps, mais profiter davantage<\/h2>\n<h3>Pas besoin d\u2019attendre les prochaines grandes vacances<\/h3>\n<p>Septembre est aussi parfaitement adapt\u00e9 aux courts s\u00e9jours.<\/p>\n<p>Un vendredi soir. Deux nuits. Un retour le dimanche.<\/p>\n<p>Pas besoin de poser deux semaines de cong\u00e9s pour avoir l\u2019impression de changer d\u2019air.<\/p>\n<p>Un cottage au bord de la mer, un lodge dans la campagne ou un bivouac \u00e0 proximit\u00e9 d\u2019une voie verte peuvent suffire \u00e0 transformer un week-end classique en v\u00e9ritable petite parenth\u00e8se.<\/p>\n<p>C\u2019est aussi une autre mani\u00e8re de penser les vacances.<\/p>\n<p>Au lieu d\u2019attendre toute l\u2019ann\u00e9e un grand d\u00e9part de deux semaines, pourquoi ne pas multiplier quelques escapades plus courtes ?<\/p>\n<p>Une nuit pr\u00e8s de la mer. Un week-end \u00e0 v\u00e9lo. Trois jours en pleine nature.<\/p>\n<p>Les vacances n\u2019ont pas forc\u00e9ment besoin d\u2019\u00eatre longues pour \u00eatre m\u00e9morables.<\/p>\n<\/section>\n<section class=\"seasonova-article__section\">\n<h2>Septembre est aussi le mois parfait pour bouger autrement<\/h2>\n<h3>Marcher, p\u00e9daler, explorer<\/h3>\n<p>En pleine saison, la chaleur nous pousse parfois \u00e0 organiser toute la journ\u00e9e autour d\u2019une seule question : o\u00f9 trouver de l\u2019ombre ?<\/p>\n<p>Septembre permet davantage de libert\u00e9.<\/p>\n<p>C\u2019est le moment id\u00e9al pour laisser la voiture au camping et partir \u00e0 pied ou \u00e0 v\u00e9lo.<\/p>\n<p>Voies vertes, chemins c\u00f4tiers, for\u00eats, villages, march\u00e9s locaux\u2026<\/p>\n<p>Le trajet lui-m\u00eame peut devenir une partie des vacances.<\/p>\n<p>Et c\u2019est aussi l\u2019esprit Slow Life de Seasonova : ne pas forc\u00e9ment chercher \u00e0 voir le maximum de choses, mais prendre davantage le temps de d\u00e9couvrir celles qui sont autour de soi.<\/p>\n<p>Quelques kilom\u00e8tres \u00e0 v\u00e9lo peuvent parfois raconter davantage une r\u00e9gion qu\u2019une heure pass\u00e9e sur une voie rapide.<\/p>\n<\/section>\n<section class=\"seasonova-article__section\">\n<h2>Mer, campagne ou nature : o\u00f9 partir en septembre ?<\/h2>\n<h3>Le bord de mer apr\u00e8s la foule<\/h3>\n<p>Si vous aimez marcher sur la plage, parcourir les sentiers c\u00f4tiers ou simplement regarder la mer depuis une terrasse, septembre peut offrir une ambiance compl\u00e8tement diff\u00e9rente de celle de la pleine saison.<\/p>\n<p>Les stations baln\u00e9aires ralentissent progressivement et les plages retrouvent de l\u2019espace.<\/p>\n<h3>La campagne pour prolonger l\u2019\u00e9t\u00e9<\/h3>\n<p>Villages, march\u00e9s, petites routes, randonn\u00e9es et balades \u00e0 v\u00e9lo : la campagne est particuli\u00e8rement adapt\u00e9e aux s\u00e9jours de quelques jours.<\/p>\n<p>Pas forc\u00e9ment besoin de pr\u00e9voir un programme. Choisissez un point de d\u00e9part et laissez les environs faire le reste.<\/p>\n<h3>Les destinations v\u00e9lo<\/h3>\n<p>Septembre est \u00e9galement une excellente p\u00e9riode pour parcourir une voie verte ou d\u00e9couvrir une r\u00e9gion \u00e0 v\u00e9lo.<\/p>\n<p>Des temp\u00e9ratures plus douces rendent les sorties plus agr\u00e9ables et permettent de parcourir davantage de kilom\u00e8tres sans forc\u00e9ment rechercher la performance.<\/p>\n<\/section>\n<section class=\"seasonova-article__section\">\n<h2>Et si septembre devenait votre nouveau mois pr\u00e9f\u00e9r\u00e9 ?<\/h2>\n<p>Pendant longtemps, septembre repr\u00e9sentait surtout la rentr\u00e9e. Le retour au travail. Les r\u00e9veils. Les agendas qui recommencent \u00e0 se remplir.<\/p>\n<p>Mais rien n\u2019oblige les vacances \u00e0 s\u2019arr\u00eater le 31 ao\u00fbt.<\/p>\n<p>En 2025, pr\u00e8s de 13,1 millions de nuit\u00e9es ont encore \u00e9t\u00e9 enregistr\u00e9es dans les campings fran\u00e7ais pendant le seul mois de septembre.<\/p>\n<p>Preuve que certains ont d\u00e9j\u00e0 compris quelque chose.<\/p>\n<p>Quand les routes se lib\u00e8rent, que les plages se vident et que les temp\u00e9ratures commencent \u00e0 devenir plus douces, une autre saison des vacances commence.<\/p>\n<p>Peut-\u00eatre moins bruyante. Peut-\u00eatre moins press\u00e9e. Et peut-\u00eatre, finalement, encore plus agr\u00e9able.<\/p>\n<\/section>\n<footer class=\"seasonova-article__cta\">\n<p><strong>Prolongez l\u2019\u00e9t\u00e9 et d\u00e9couvrez les campings Seasonova ouverts en septembre.<\/strong><\/p>\n<\/footer>\n<\/article>\n<p><\/p>","protected":false},"excerpt":{"rendered":"<p>Les enfants reprennent le chemin de l\u2019\u00e9cole et les plages commencent doucement \u00e0 se vider. Pour beaucoup, les vacances sont termin\u00e9es. Pour d\u2019autres, elles commencent seulement. Car septembre poss\u00e8de quelque chose [&#8230;]<\/p>\n","protected":false},"author":18,"featured_media":62933,"comment_status":"closed","ping_status":"closed","sticky":true,"template":"","format":"standard","meta":[],"categories":[1],"tags":[],"yoast_head":"<!-- This site is optimized with the Yoast SEO plugin v18.1 - https:\/\/yoast.com\/wordpress\/plugins\/seo\/ -->\n<meta name=\"description\" content=\"Moins de monde, une m\u00e9t\u00e9o plus douce et des prix souvent plus bas : d\u00e9couvrez pourquoi septembre est l\u2019un des meilleurs mois pour partir en vacances.\" \/>\n<meta name=\"robots\" content=\"index, follow, max-snippet:-1, max-image-preview:large, max-video-preview:-1\" \/>\n<link rel=\"canonical\" href=\"https:\/\/vacances-seasonova.com\/fr\/?p=62923\" \/>\n<meta property=\"og:locale\" content=\"fr_FR\" \/>\n<meta property=\"og:type\" content=\"article\" \/>\n<meta property=\"og:title\" content=\"Vacances en septembre : pourquoi c\u2019est le meilleur mois\" \/>\n<meta property=\"og:description\" content=\"Moins de monde, une m\u00e9t\u00e9o plus douce et des prix souvent plus bas : d\u00e9couvrez pourquoi septembre est l\u2019un des meilleurs mois pour partir en vacances.\" \/>\n<meta property=\"og:url\" content=\"https:\/\/vacances-seasonova.com\/fr\/?p=62923\" \/>\n<meta property=\"og:site_name\" content=\"Seasonova | Campings Normandie, Bretagne, Pays de La Loire et Alsace\" \/>\n<meta property=\"article:published_time\" content=\"2026-08-31T14:57:58+00:00\" \/>\n<meta property=\"article:modified_time\" content=\"2026-09-01T15:59:45+00:00\" \/>\n<meta property=\"og:image\" content=\"https:\/\/vacances-seasonova.com\/wp-content\/uploads\/2026\/09\/pexels-christopher-politano-978995-37425377-scaled.jpg\" \/>\n\t<meta property=\"og:image:width\" content=\"2560\" \/>\n\t<meta property=\"og:image:height\" content=\"1920\" \/>\n\t<meta property=\"og:image:type\" content=\"image\/jpeg\" \/>\n<meta name=\"twitter:card\" content=\"summary\" \/>\n<meta name=\"twitter:label1\" content=\"\u00c9crit par\" \/>\n\t<meta name=\"twitter:data1\" content=\"Titouan Lagauzeret\" \/>\n\t<meta name=\"twitter:label2\" content=\"Dur\u00e9e de lecture estim\u00e9e\" \/>\n\t<meta name=\"twitter:data2\" content=\"6 minutes\" \/>\n<script type=\"application\/ld+json\" class=\"yoast-schema-graph\">{\"@context\":\"https:\/\/schema.org\",\"@graph\":[{\"@type\":\"WebSite\",\"@id\":\"https:\/\/vacances-seasonova.com\/nl\/#website\",\"url\":\"https:\/\/vacances-seasonova.com\/nl\/\",\"name\":\"Seasonova | Campings Normandie, Bretagne, Pays de La Loire et Alsace\",\"description\":\"\",\"potentialAction\":[{\"@type\":\"SearchAction\",\"target\":{\"@type\":\"EntryPoint\",\"urlTemplate\":\"https:\/\/vacances-seasonova.com\/nl\/?s={search_term_string}\"},\"query-input\":\"required name=search_term_string\"}],\"inLanguage\":\"fr-FR\"},{\"@type\":\"ImageObject\",\"@id\":\"https:\/\/vacances-seasonova.com\/fr\/?p=62923#primaryimage\",\"inLanguage\":\"fr-FR\",\"url\":\"https:\/\/vacances-seasonova.com\/wp-content\/uploads\/2026\/09\/pexels-christopher-politano-978995-37425377-scaled.jpg\",\"contentUrl\":\"https:\/\/vacances-seasonova.com\/wp-content\/uploads\/2026\/09\/pexels-christopher-politano-978995-37425377-scaled.jpg\",\"width\":2560,\"height\":1920,\"caption\":\"rando\"},{\"@type\":\"WebPage\",\"@id\":\"https:\/\/vacances-seasonova.com\/fr\/?p=62923#webpage\",\"url\":\"https:\/\/vacances-seasonova.com\/fr\/?p=62923\",\"name\":\"Vacances en septembre : pourquoi c\u2019est le meilleur mois\",\"isPartOf\":{\"@id\":\"https:\/\/vacances-seasonova.com\/nl\/#website\"},\"primaryImageOfPage\":{\"@id\":\"https:\/\/vacances-seasonova.com\/fr\/?p=62923#primaryimage\"},\"datePublished\":\"2026-08-31T14:57:58+00:00\",\"dateModified\":\"2026-09-01T15:59:45+00:00\",\"author\":{\"@id\":\"https:\/\/vacances-seasonova.com\/nl\/#\/schema\/person\/21d9ff2f34e330481733f4740e438b15\"},\"description\":\"Moins de monde, une m\u00e9t\u00e9o plus douce et des prix souvent plus bas : d\u00e9couvrez pourquoi septembre est l\u2019un des meilleurs mois pour partir en vacances.\",\"breadcrumb\":{\"@id\":\"https:\/\/vacances-seasonova.com\/fr\/?p=62923#breadcrumb\"},\"inLanguage\":\"fr-FR\",\"potentialAction\":[{\"@type\":\"ReadAction\",\"target\":[\"https:\/\/vacances-seasonova.com\/fr\/?p=62923\"]}]},{\"@type\":\"BreadcrumbList\",\"@id\":\"https:\/\/vacances-seasonova.com\/fr\/?p=62923#breadcrumb\",\"itemListElement\":[{\"@type\":\"ListItem\",\"position\":1,\"name\":\"Accueil\",\"item\":\"https:\/\/vacances-seasonova.com\/nl\/\"},{\"@type\":\"ListItem\",\"position\":2,\"name\":\"Pourquoi septembre est le meilleur mois pour partir ?\"}]},{\"@type\":\"Person\",\"@id\":\"https:\/\/vacances-seasonova.com\/nl\/#\/schema\/person\/21d9ff2f34e330481733f4740e438b15\",\"name\":\"Titouan Lagauzeret\",\"image\":{\"@type\":\"ImageObject\",\"@id\":\"https:\/\/vacances-seasonova.com\/nl\/#personlogo\",\"inLanguage\":\"fr-FR\",\"url\":\"https:\/\/secure.gravatar.com\/avatar\/ed752e0787930cab0a71935c515d2470?s=96&d=mm&r=g\",\"contentUrl\":\"https:\/\/secure.gravatar.com\/avatar\/ed752e0787930cab0a71935c515d2470?s=96&d=mm&r=g\",\"caption\":\"Titouan Lagauzeret\"},\"url\":\"https:\/\/vacances-seasonova.com\/fr\/author\/titouan\/\"}]}<\/script>\n<!-- \/ Yoast SEO plugin. -->","yoast_head_json":{"description":"Moins de monde, une m\u00e9t\u00e9o plus douce et des prix souvent plus bas : d\u00e9couvrez pourquoi septembre est l\u2019un des meilleurs mois pour partir en vacances.","robots":{"index":"index","follow":"follow","max-snippet":"max-snippet:-1","max-image-preview":"max-image-preview:large","max-video-preview":"max-video-preview:-1"},"canonical":"https:\/\/vacances-seasonova.com\/fr\/?p=62923","og_locale":"fr_FR","og_type":"article","og_title":"Vacances en septembre : pourquoi c\u2019est le meilleur mois","og_description":"Moins de monde, une m\u00e9t\u00e9o plus douce et des prix souvent plus bas : d\u00e9couvrez pourquoi septembre est l\u2019un des meilleurs mois pour partir en vacances.","og_url":"https:\/\/vacances-seasonova.com\/fr\/?p=62923","og_site_name":"Seasonova | Campings Normandie, Bretagne, Pays de La Loire et Alsace","article_published_time":"2026-08-31T14:57:58+00:00","article_modified_time":"2026-09-01T15:59:45+00:00","og_image":[{"width":2560,"height":1920,"url":"https:\/\/vacances-seasonova.com\/wp-content\/uploads\/2026\/09\/pexels-christopher-politano-978995-37425377-scaled.jpg","type":"image\/jpeg"}],"twitter_card":"summary","twitter_misc":{"\u00c9crit par":"Titouan Lagauzeret","Dur\u00e9e de lecture estim\u00e9e":"6 minutes"},"schema":{"@context":"https:\/\/schema.org","@graph":[{"@type":"WebSite","@id":"https:\/\/vacances-seasonova.com\/nl\/#website","url":"https:\/\/vacances-seasonova.com\/nl\/","name":"Seasonova | Campings Normandie, Bretagne, Pays de La Loire et Alsace","description":"","potentialAction":[{"@type":"SearchAction","target":{"@type":"EntryPoint","urlTemplate":"https:\/\/vacances-seasonova.com\/nl\/?s={search_term_string}"},"query-input":"required name=search_term_string"}],"inLanguage":"fr-FR"},{"@type":"ImageObject","@id":"https:\/\/vacances-seasonova.com\/fr\/?p=62923#primaryimage","inLanguage":"fr-FR","url":"https:\/\/vacances-seasonova.com\/wp-content\/uploads\/2026\/09\/pexels-christopher-politano-978995-37425377-scaled.jpg","contentUrl":"https:\/\/vacances-seasonova.com\/wp-content\/uploads\/2026\/09\/pexels-christopher-politano-978995-37425377-scaled.jpg","width":2560,"height":1920,"caption":"rando"},{"@type":"WebPage","@id":"https:\/\/vacances-seasonova.com\/fr\/?p=62923#webpage","url":"https:\/\/vacances-seasonova.com\/fr\/?p=62923","name":"Vacances en septembre : pourquoi c\u2019est le meilleur mois","isPartOf":{"@id":"https:\/\/vacances-seasonova.com\/nl\/#website"},"primaryImageOfPage":{"@id":"https:\/\/vacances-seasonova.com\/fr\/?p=62923#primaryimage"},"datePublished":"2026-08-31T14:57:58+00:00","dateModified":"2026-09-01T15:59:45+00:00","author":{"@id":"https:\/\/vacances-seasonova.com\/nl\/#\/schema\/person\/21d9ff2f34e330481733f4740e438b15"},"description":"Moins de monde, une m\u00e9t\u00e9o plus douce et des prix souvent plus bas : d\u00e9couvrez pourquoi septembre est l\u2019un des meilleurs mois pour partir en vacances.","breadcrumb":{"@id":"https:\/\/vacances-seasonova.com\/fr\/?p=62923#breadcrumb"},"inLanguage":"fr-FR","potentialAction":[{"@type":"ReadAction","target":["https:\/\/vacances-seasonova.com\/fr\/?p=62923"]}]},{"@type":"BreadcrumbList","@id":"https:\/\/vacances-seasonova.com\/fr\/?p=62923#breadcrumb","itemListElement":[{"@type":"ListItem","position":1,"name":"Accueil","item":"https:\/\/vacances-seasonova.com\/nl\/"},{"@type":"ListItem","position":2,"name":"Pourquoi septembre est le meilleur mois pour partir ?"}]},{"@type":"Person","@id":"https:\/\/vacances-seasonova.com\/nl\/#\/schema\/person\/21d9ff2f34e330481733f4740e438b15","name":"Titouan Lagauzeret","image":{"@type":"ImageObject","@id":"https:\/\/vacances-seasonova.com\/nl\/#personlogo","inLanguage":"fr-FR","url":"https:\/\/secure.gravatar.com\/avatar\/ed752e0787930cab0a71935c515d2470?s=96&d=mm&r=g","contentUrl":"https:\/\/secure.gravatar.com\/avatar\/ed752e0787930cab0a71935c515d2470?s=96&d=mm&r=g","caption":"Titouan Lagauzeret"},"url":"https:\/\/vacances-seasonova.com\/fr\/author\/titouan\/"}]}},"_links":{"self":[{"href":"https:\/\/vacances-seasonova.com\/fr\/wp-json\/wp\/v2\/posts\/62923"}],"collection":[{"href":"https:\/\/vacances-seasonova.com\/fr\/wp-json\/wp\/v2\/posts"}],"about":[{"href":"https:\/\/vacances-seasonova.com\/fr\/wp-json\/wp\/v2\/types\/post"}],"author":[{"embeddable":true,"href":"https:\/\/vacances-seasonova.com\/fr\/wp-json\/wp\/v2\/users\/18"}],"replies":[{"embeddable":true,"href":"https:\/\/vacances-seasonova.com\/fr\/wp-json\/wp\/v2\/comments?post=62923"}],"version-history":[{"count":4,"href":"https:\/\/vacances-seasonova.com\/fr\/wp-json\/wp\/v2\/posts\/62923\/revisions"}],"predecessor-version":[{"id":62932,"href":"https:\/\/vacances-seasonova.com\/fr\/wp-json\/wp\/v2\/posts\/62923\/revisions\/62932"}],"wp:featuredmedia":[{"embeddable":true,"href":"https:\/\/vacances-seasonova.com\/fr\/wp-json\/wp\/v2\/media\/62933"}],"wp:attachment":[{"href":"https:\/\/vacances-seasonova.com\/fr\/wp-json\/wp\/v2\/media?parent=62923"}],"wp:term":[{"taxonomy":"category","embeddable":true,"href":"https:\/\/vacances-seasonova.com\/fr\/wp-json\/wp\/v2\/categories?post=62923"},{"taxonomy":"post_tag","embeddable":true,"href":"https:\/\/vacances-seasonova.com\/fr\/wp-json\/wp\/v2\/tags?post=62923"}],"curies":[{"name":"wp","href":"https:\/\/api.w.org\/{rel}","templated":true}]}}